{"id":212,"date":"2023-02-22T14:10:35","date_gmt":"2023-02-22T17:10:35","guid":{"rendered":"https:\/\/volumecomunicacao.com.br\/volume\/?p=212"},"modified":"2024-10-01T22:46:06","modified_gmt":"2024-10-02T01:46:06","slug":"comunicacao-e-identidade-visual","status":"publish","type":"post","link":"https:\/\/volume.com.br\/volume\/2023\/02\/comunicacao-e-identidade-visual\/","title":{"rendered":"Veja alguns motivos para a constru\u00e7\u00e3o de marca."},"content":{"rendered":"\n<p>A comunica\u00e7\u00e3o visual \u00e9 um dos aspectos mais importantes da constru\u00e7\u00e3o de uma marca forte e reconhecida. Atrav\u00e9s da identidade visual, uma marca pode transmitir seus valores, personalidade, miss\u00e3o e vis\u00e3o para o p\u00fablico de forma clara e consistente. Al\u00e9m disso, a comunica\u00e7\u00e3o visual pode ser uma poderosa ferramenta para criar uma conex\u00e3o emocional com os clientes e aumentar a lembran\u00e7a da marca na mente do consumidor.<\/p>\n\n\n\n<p>Abaixo est\u00e3o alguns dos motivos pelos quais a comunica\u00e7\u00e3o visual \u00e9 essencial para a constru\u00e7\u00e3o de uma marca forte:<\/p>\n\n\n\n<ol class=\"wp-block-list\">\n<li>Identifica\u00e7\u00e3o r\u00e1pida: Uma comunica\u00e7\u00e3o visual forte e bem definida ajuda as pessoas a identificar rapidamente a marca em meio a outras op\u00e7\u00f5es. Isso \u00e9 particularmente importante em um mercado cada vez mais competitivo, onde a aten\u00e7\u00e3o dos consumidores \u00e9 disputada por diversas empresas.<br><\/li>\n\n\n\n<li>Credibilidade: Uma comunica\u00e7\u00e3o visual consistente e profissional transmite credibilidade e confian\u00e7a aos consumidores. Quando a marca \u00e9 visualmente atraente e bem constru\u00edda, isso pode ajudar a aumentar a percep\u00e7\u00e3o de qualidade e valor do produto ou servi\u00e7o oferecido.<br><\/li>\n\n\n\n<li>Memoriza\u00e7\u00e3o: A comunica\u00e7\u00e3o visual \u00e9 uma ferramenta poderosa para ajudar a marca a se destacar na mente do consumidor. Quando uma marca \u00e9 consistentemente apresentada com um conjunto de cores, fontes e elementos visuais, ela se torna mais f\u00e1cil de ser lembrada e reconhecida.<br><\/li>\n\n\n\n<li>Diferencia\u00e7\u00e3o: A comunica\u00e7\u00e3o visual pode ser uma forma eficaz de diferenciar a marca da concorr\u00eancia. Quando uma marca tem uma identidade visual forte e distinta, isso pode ajud\u00e1-la a se destacar em um mercado saturado.<br><\/li>\n\n\n\n<li>Emo\u00e7\u00e3o: A comunica\u00e7\u00e3o visual pode ser uma forma eficaz de evocar emo\u00e7\u00f5es nos consumidores e criar uma conex\u00e3o emocional com a marca. Quando uma marca \u00e9 visualmente atraente e evoca sentimentos positivos, isso pode ajudar a fidelizar o cliente e aumentar a lealdade \u00e0 marca.<br><\/li>\n<\/ol>\n\n\n\n<p>Em resumo, a comunica\u00e7\u00e3o visual \u00e9 um elemento crucial da constru\u00e7\u00e3o de uma marca forte e reconhecida. Uma identidade visual bem constru\u00edda pode ajudar a marca a se destacar em um mercado competitivo, transmitir credibilidade e confian\u00e7a, criar uma conex\u00e3o emocional com os consumidores e aumentar a lembran\u00e7a da marca na mente do cliente. Por isso, \u00e9 fundamental que as empresas invistam em uma identidade visual s\u00f3lida e consistente para alcan\u00e7ar o sucesso a longo prazo.<\/p>\n","protected":false},"excerpt":{"rendered":"<p>A comunica\u00e7\u00e3o visual \u00e9 um dos aspectos mais importantes da constru\u00e7\u00e3o de uma marca forte e reconhecida. Atrav\u00e9s da identidade visual, uma marca pode transmitir seus valores, personalidade&#8230;<\/p>\n","protected":false},"author":2,"featured_media":0,"comment_status":"open","ping_status":"open","sticky":false,"template":"","format":"standard","meta":{"_acf_changed":false,"footnotes":""},"categories":[1,6],"tags":[4,16,15],"class_list":["post-212","post","type-post","status-publish","format-standard","hentry","category-blog","category-branding","tag-branding","tag-comunicacao","tag-design"],"acf":[],"_links":{"self":[{"href":"https:\/\/volume.com.br\/volume\/wp-json\/wp\/v2\/posts\/212","targetHints":{"allow":["GET"]}}],"collection":[{"href":"https:\/\/volume.com.br\/volume\/wp-json\/wp\/v2\/posts"}],"about":[{"href":"https:\/\/volume.com.br\/volume\/wp-json\/wp\/v2\/types\/post"}],"author":[{"embeddable":true,"href":"https:\/\/volume.com.br\/volume\/wp-json\/wp\/v2\/users\/2"}],"replies":[{"embeddable":true,"href":"https:\/\/volume.com.br\/volume\/wp-json\/wp\/v2\/comments?post=212"}],"version-history":[{"count":13,"href":"https:\/\/volume.com.br\/volume\/wp-json\/wp\/v2\/posts\/212\/revisions"}],"predecessor-version":[{"id":1001,"href":"https:\/\/volume.com.br\/volume\/wp-json\/wp\/v2\/posts\/212\/revisions\/1001"}],"wp:attachment":[{"href":"https:\/\/volume.com.br\/volume\/wp-json\/wp\/v2\/media?parent=212"}],"wp:term":[{"taxonomy":"category","embeddable":true,"href":"https:\/\/volume.com.br\/volume\/wp-json\/wp\/v2\/categories?post=212"},{"taxonomy":"post_tag","embeddable":true,"href":"https:\/\/volume.com.br\/volume\/wp-json\/wp\/v2\/tags?post=212"}],"curies":[{"name":"wp","href":"https:\/\/api.w.org\/{rel}","templated":true}]}}