{"id":530,"date":"2023-11-06T12:46:26","date_gmt":"2023-11-06T15:46:26","guid":{"rendered":"https:\/\/volumecomunicacao.com.br\/?p=530"},"modified":"2024-10-05T12:22:35","modified_gmt":"2024-10-05T15:22:35","slug":"o-poder-do-conteudo-visua","status":"publish","type":"post","link":"https:\/\/volume.com.br\/volume\/2023\/11\/o-poder-do-conteudo-visua\/","title":{"rendered":"O poder do conte\u00fado visual nas redes sociais."},"content":{"rendered":"\n<p>Imagens falam mais que mil palavras, especialmente nas redes sociais!<\/p>\n\n\n\n<p>O conte\u00fado visual tem o poder de capturar a aten\u00e7\u00e3o, comunicar de forma instant\u00e2nea e provocar emo\u00e7\u00f5es. \u00c9 a forma mais eficaz de se conectar com o p\u00fablico e construir uma forte presen\u00e7a online. A for\u00e7a das imagens e v\u00eddeos nas redes sociais \u00e9 indiscut\u00edvel.<\/p>\n\n\n\n<p>Com essa ferramenta bem estruturada, possibilita que empresas e profissionais levem os seus produtos, servi\u00e7os e conhecimentos atrav\u00e9s de suas hist\u00f3rias e ideias que envolvam o p\u00fablico de maneira significativa, criando uma identidade de marca s\u00f3lida, consistente que promova engajamento e at\u00e9 mesmo impulsione vendas.<\/p>\n\n\n\n<p>Desperte o potencial da sua marca de forma que reflita os valores e a ess\u00eancia da sua empresa.<br><\/p>\n","protected":false},"excerpt":{"rendered":"<p>Imagens falam mais que mil palavras, especialmente nas redes sociais!<\/p>\n<p>O conte\u00fado visual tem o poder de capturar a aten\u00e7\u00e3o, comunicar &#8230;<\/p>\n","protected":false},"author":2,"featured_media":0,"comment_status":"open","ping_status":"open","sticky":false,"template":"","format":"standard","meta":{"_acf_changed":false,"footnotes":""},"categories":[1],"tags":[36],"class_list":["post-530","post","type-post","status-publish","format-standard","hentry","category-blog","tag-redes-sociais"],"acf":[],"_links":{"self":[{"href":"https:\/\/volume.com.br\/volume\/wp-json\/wp\/v2\/posts\/530","targetHints":{"allow":["GET"]}}],"collection":[{"href":"https:\/\/volume.com.br\/volume\/wp-json\/wp\/v2\/posts"}],"about":[{"href":"https:\/\/volume.com.br\/volume\/wp-json\/wp\/v2\/types\/post"}],"author":[{"embeddable":true,"href":"https:\/\/volume.com.br\/volume\/wp-json\/wp\/v2\/users\/2"}],"replies":[{"embeddable":true,"href":"https:\/\/volume.com.br\/volume\/wp-json\/wp\/v2\/comments?post=530"}],"version-history":[{"count":6,"href":"https:\/\/volume.com.br\/volume\/wp-json\/wp\/v2\/posts\/530\/revisions"}],"predecessor-version":[{"id":999,"href":"https:\/\/volume.com.br\/volume\/wp-json\/wp\/v2\/posts\/530\/revisions\/999"}],"wp:attachment":[{"href":"https:\/\/volume.com.br\/volume\/wp-json\/wp\/v2\/media?parent=530"}],"wp:term":[{"taxonomy":"category","embeddable":true,"href":"https:\/\/volume.com.br\/volume\/wp-json\/wp\/v2\/categories?post=530"},{"taxonomy":"post_tag","embeddable":true,"href":"https:\/\/volume.com.br\/volume\/wp-json\/wp\/v2\/tags?post=530"}],"curies":[{"name":"wp","href":"https:\/\/api.w.org\/{rel}","templated":true}]}}